{"id":1301,"date":"2009-06-11T12:00:00","date_gmt":"2009-06-11T10:00:00","guid":{"rendered":"http:\/\/www.wolfmaahn.de\/blog\/2009\/06\/11\/wolf-maahn-spielt-friedrich-schiller-2\/"},"modified":"2009-06-11T12:00:00","modified_gmt":"2009-06-11T10:00:00","slug":"wolf-maahn-spielt-friedrich-schiller-2","status":"publish","type":"post","link":"https:\/\/www.wolfmaahn.de\/blog\/2009\/06\/11\/wolf-maahn-spielt-friedrich-schiller-2\/","title":{"rendered":"Wolf Maahn spielt Friedrich Schiller"},"content":{"rendered":"<p><img decoding=\"async\" src=\"\/img\/pics\/oldnews\/news-11-06-2009.jpg\" class=\"float_left\" alt=\"newspic\"\/> Wolf Maahn wird in der RockOper &#8222;DAS LIED VON SCHILLERS GLOCKE&#8220; die Rolle Friedrich Schillers spielen. Dabei wird er nicht nur singen, sondern auch sein Debut als Schauspieler geben. Welturauff\u00fchrung ist am 29. Oktober 2009 in der neuen Stadthalle von Schillers Geburtsstadt  Marbach. Zur Zeit sind dort drei Auff\u00fchrungen angesetzt plus eine weitere in Ludwigsburg. <\/p>\n<p>Die RockOper wurde von Dieter Fuchs (Buch) sowie Alexander Mahr und Oliver Heise (Musik) anl\u00e4\u00dflich des diesj\u00e4hrigen 250. Geburtstags des gro\u00dfen deutschen Dichters und Philosophen geschrieben. Regie f\u00fchrt Sabine Willmann.<\/p>\n<p>Wir halten Euch \u00fcber das Projekt auf dem Laufenden! <\/p>\n<p>Weitere Infos unter <a href=\"http:\/\/www.glocken-rock.de\" target=\"_blank\"> www.glocken-rock.de <\/a> <br \/>Tickets online buchen: <a href=\"http:\/\/www2.reservix.de\/off\/login_check.php?id=c6ec16e8cf3cd5077514ebef590a1f763d4616b372ef8900411779bf6bedf213&#038;vID=4214\" target=\"_blank\">www.reservix.de<\/a> <\/p>\n<p>Foto: Angelika Maahn<\/p>\n","protected":false},"excerpt":{"rendered":"<p>Wolf Maahn wird in der RockOper &#8222;DAS LIED VON SCHILLERS GLOCKE&#8220; die Rolle Friedrich Schillers spielen. Dabei wird er nicht nur singen, sondern auch sein Debut als Schauspieler geben. Welturauff\u00fchrung ist am 29. Oktober 2009 in der neuen Stadthalle von Schillers Geburtsstadt Marbach. Zur Zeit sind dort drei Auff\u00fchrungen angesetzt plus eine weitere in Ludwigsburg. [&hellip;]<\/p>\n","protected":false},"author":5,"featured_media":0,"comment_status":"open","ping_status":"open","sticky":false,"template":"","format":"standard","meta":{"footnotes":""},"categories":[9],"tags":[],"class_list":["post-1301","post","type-post","status-publish","format-standard","hentry","category-news"],"_links":{"self":[{"href":"https:\/\/www.wolfmaahn.de\/blog\/wp-json\/wp\/v2\/posts\/1301","targetHints":{"allow":["GET"]}}],"collection":[{"href":"https:\/\/www.wolfmaahn.de\/blog\/wp-json\/wp\/v2\/posts"}],"about":[{"href":"https:\/\/www.wolfmaahn.de\/blog\/wp-json\/wp\/v2\/types\/post"}],"author":[{"embeddable":true,"href":"https:\/\/www.wolfmaahn.de\/blog\/wp-json\/wp\/v2\/users\/5"}],"replies":[{"embeddable":true,"href":"https:\/\/www.wolfmaahn.de\/blog\/wp-json\/wp\/v2\/comments?post=1301"}],"version-history":[{"count":0,"href":"https:\/\/www.wolfmaahn.de\/blog\/wp-json\/wp\/v2\/posts\/1301\/revisions"}],"wp:attachment":[{"href":"https:\/\/www.wolfmaahn.de\/blog\/wp-json\/wp\/v2\/media?parent=1301"}],"wp:term":[{"taxonomy":"category","embeddable":true,"href":"https:\/\/www.wolfmaahn.de\/blog\/wp-json\/wp\/v2\/categories?post=1301"},{"taxonomy":"post_tag","embeddable":true,"href":"https:\/\/www.wolfmaahn.de\/blog\/wp-json\/wp\/v2\/tags?post=1301"}],"curies":[{"name":"wp","href":"https:\/\/api.w.org\/{rel}","templated":true}]}}