{"id":1589,"date":"2010-05-01T00:52:42","date_gmt":"2010-04-30T22:52:42","guid":{"rendered":"http:\/\/www.wolfmaahn.de\/blog\/?p=1589"},"modified":"2010-05-01T00:52:42","modified_gmt":"2010-04-30T22:52:42","slug":"wm-radiokonzert-in-baden-baden","status":"publish","type":"post","link":"https:\/\/www.wolfmaahn.de\/blog\/2010\/05\/01\/wm-radiokonzert-in-baden-baden\/","title":{"rendered":"WM Radiokonzert in Baden Baden"},"content":{"rendered":"<p><a href=\"http:\/\/www.wolfmaahn.de\/blog\/wp-content\/uploads\/2010\/05\/images-21.jpeg\"><img loading=\"lazy\" decoding=\"async\" class=\"alignleft size-full wp-image-1605\" title=\"images-2\" src=\"http:\/\/www.wolfmaahn.de\/blog\/wp-content\/uploads\/2010\/05\/images-21-e1272667596764.jpeg\" alt=\"\" width=\"120\" height=\"120\" \/><\/a><\/p>\n<p>Hallo im S\u00fcdwesten! Kurzfristig wurden WM &amp; Band f\u00fcr ein Radio-Konzert in voller L\u00e4nge bei &#8222;Kopfh\u00f6rer Live!&#8220;\u00a0im Baden Badener SWR Gel\u00e4nde angeheuert (G\u00fcnter-Eich-Haus)\u00a0\u00a0! Schreibt euch Sonntag den 16.05.2010 in den Kalender. Im Vorprogramm werden &#8222;Ganes&#8220; erwartet, drei Musikerinnen aus S\u00fcdtirol, die sonst bei Hubert von Goisern Chor singen.<\/p>\n<p>Ticketinfos unter Tel. 07221\/929-4426<\/p>\n","protected":false},"excerpt":{"rendered":"<p>Hallo im S\u00fcdwesten! Kurzfristig wurden WM &amp; Band f\u00fcr ein Radio-Konzert in voller L\u00e4nge bei &#8222;Kopfh\u00f6rer Live!&#8220;\u00a0im Baden Badener SWR Gel\u00e4nde angeheuert (G\u00fcnter-Eich-Haus)\u00a0\u00a0! Schreibt euch Sonntag den 16.05.2010 in den Kalender. Im Vorprogramm werden &#8222;Ganes&#8220; erwartet, drei Musikerinnen aus S\u00fcdtirol, die sonst bei Hubert von Goisern Chor singen. Ticketinfos unter Tel. 07221\/929-4426<\/p>\n","protected":false},"author":5,"featured_media":0,"comment_status":"open","ping_status":"open","sticky":false,"template":"","format":"standard","meta":{"footnotes":""},"categories":[9],"tags":[],"class_list":["post-1589","post","type-post","status-publish","format-standard","hentry","category-news"],"_links":{"self":[{"href":"https:\/\/www.wolfmaahn.de\/blog\/wp-json\/wp\/v2\/posts\/1589","targetHints":{"allow":["GET"]}}],"collection":[{"href":"https:\/\/www.wolfmaahn.de\/blog\/wp-json\/wp\/v2\/posts"}],"about":[{"href":"https:\/\/www.wolfmaahn.de\/blog\/wp-json\/wp\/v2\/types\/post"}],"author":[{"embeddable":true,"href":"https:\/\/www.wolfmaahn.de\/blog\/wp-json\/wp\/v2\/users\/5"}],"replies":[{"embeddable":true,"href":"https:\/\/www.wolfmaahn.de\/blog\/wp-json\/wp\/v2\/comments?post=1589"}],"version-history":[{"count":14,"href":"https:\/\/www.wolfmaahn.de\/blog\/wp-json\/wp\/v2\/posts\/1589\/revisions"}],"predecessor-version":[{"id":1611,"href":"https:\/\/www.wolfmaahn.de\/blog\/wp-json\/wp\/v2\/posts\/1589\/revisions\/1611"}],"wp:attachment":[{"href":"https:\/\/www.wolfmaahn.de\/blog\/wp-json\/wp\/v2\/media?parent=1589"}],"wp:term":[{"taxonomy":"category","embeddable":true,"href":"https:\/\/www.wolfmaahn.de\/blog\/wp-json\/wp\/v2\/categories?post=1589"},{"taxonomy":"post_tag","embeddable":true,"href":"https:\/\/www.wolfmaahn.de\/blog\/wp-json\/wp\/v2\/tags?post=1589"}],"curies":[{"name":"wp","href":"https:\/\/api.w.org\/{rel}","templated":true}]}}