{"id":2570,"date":"2012-08-30T12:53:17","date_gmt":"2012-08-30T10:53:17","guid":{"rendered":"http:\/\/www.wolfmaahn.de\/blog\/?p=2570"},"modified":"2012-08-30T18:39:19","modified_gmt":"2012-08-30T16:39:19","slug":"30-jahre-auf-tour-wolf-gibt-einen-aus","status":"publish","type":"post","link":"https:\/\/www.wolfmaahn.de\/blog\/2012\/08\/30\/30-jahre-auf-tour-wolf-gibt-einen-aus\/","title":{"rendered":"30 Jahre auf Tour &#8211; Wolf gibt einen aus!"},"content":{"rendered":"<p>Libero Records \/ 30.08.2012<\/p>\n<p>(K\u00f6ln) \u201eDu stehst um 1 Uhr nachts in einer Cocktailbar, st\u00f6\u00dft mit Bryan Ferry an und bist umringt von langbeinigen Models\u201c, erinnert sich Wolf \u201eDazu spielst du in den gr\u00f6\u00dften Hallen der Republik und es ist jeden Abend ausverkauft. Gar nicht so schlecht f\u00fcr den Anfang.\u201c Gemeint ist der 6. September 1982 als WM eingeladen war im Vorprogramm der \u201eAvalon\u201c-Tour von Roxy Music aufzutreten. So startete vor 30 Jahren und just zum Verkaufsstart seines Debutalbums \u201eDeserteure\u201d seine erste Deutschlandtournee gleich in der D\u00fcsseldorfer Philipshalle. Einen kurzen Auftritt unter seinem Namen hatte es zuvor schon am 10. Juni desselben Jahres gegeben. Auf einer Gro\u00dfdemo in Bonn gegen den Nato-Doppelbeschlu\u00df hatte Wolf vor \u00fcber 200.000 Menschen eine melancholische Snythesizer Version von \u201eSag mir wo die Blumen sind\u201c aufgef\u00fchrt und danach auf der B\u00fchne mit Joseph Beuys gejammt. <\/p>\n<p><a href=\"http:\/\/www.wolfmaahn.de\/blog\/wp-content\/uploads\/2012\/08\/Ich-wart-auf-dich-solo-live1.jpg\"><img loading=\"lazy\" decoding=\"async\" class=\"alignleft size-full wp-image-1605\" title=\"images-2\" src=\"http:\/\/www.wolfmaahn.de\/blog\/wp-content\/uploads\/2012\/08\/Ich-wart-auf-dich-solo-live1.jpg\" alt=\"\" width=\"180\" height=\"180\" \/><\/a> 3 Millionen verkaufte Tontr\u00e4ger und 19 Tourneen sp\u00e4ter startet WM in diesem Herbst seine Jubil\u00e4umsfeiern sowohl mit Band- als auch mit Soloshows. Grund genug f\u00fcr Wolf auch einen auszugeben:<br \/>\nAM 6. SEPTEMBER UM MITTERNACHT gibt Wolf \u201eIch wart\u2018 auf Dich &#8211; Solo Live\u201c f\u00fcr eine Woche bei <strong><a href=\"http:\/\/www.amazon.de\/Ich-Wart-Dich-Solo-Live\/dp\/B009231BMC\"> amazon.de<\/a><\/strong> zum kostenlosen Download frei!   <\/p>\n","protected":false},"excerpt":{"rendered":"<p>Libero Records \/ 30.08.2012 (K\u00f6ln) \u201eDu stehst um 1 Uhr nachts in einer Cocktailbar, st\u00f6\u00dft mit Bryan Ferry an und bist umringt von langbeinigen Models\u201c, erinnert sich Wolf \u201eDazu spielst du in den gr\u00f6\u00dften Hallen der Republik und es ist jeden Abend ausverkauft. Gar nicht so schlecht f\u00fcr den Anfang.\u201c Gemeint ist der 6. September [&hellip;]<\/p>\n","protected":false},"author":5,"featured_media":0,"comment_status":"open","ping_status":"open","sticky":false,"template":"","format":"standard","meta":{"footnotes":""},"categories":[9],"tags":[],"class_list":["post-2570","post","type-post","status-publish","format-standard","hentry","category-news"],"_links":{"self":[{"href":"https:\/\/www.wolfmaahn.de\/blog\/wp-json\/wp\/v2\/posts\/2570","targetHints":{"allow":["GET"]}}],"collection":[{"href":"https:\/\/www.wolfmaahn.de\/blog\/wp-json\/wp\/v2\/posts"}],"about":[{"href":"https:\/\/www.wolfmaahn.de\/blog\/wp-json\/wp\/v2\/types\/post"}],"author":[{"embeddable":true,"href":"https:\/\/www.wolfmaahn.de\/blog\/wp-json\/wp\/v2\/users\/5"}],"replies":[{"embeddable":true,"href":"https:\/\/www.wolfmaahn.de\/blog\/wp-json\/wp\/v2\/comments?post=2570"}],"version-history":[{"count":63,"href":"https:\/\/www.wolfmaahn.de\/blog\/wp-json\/wp\/v2\/posts\/2570\/revisions"}],"predecessor-version":[{"id":2636,"href":"https:\/\/www.wolfmaahn.de\/blog\/wp-json\/wp\/v2\/posts\/2570\/revisions\/2636"}],"wp:attachment":[{"href":"https:\/\/www.wolfmaahn.de\/blog\/wp-json\/wp\/v2\/media?parent=2570"}],"wp:term":[{"taxonomy":"category","embeddable":true,"href":"https:\/\/www.wolfmaahn.de\/blog\/wp-json\/wp\/v2\/categories?post=2570"},{"taxonomy":"post_tag","embeddable":true,"href":"https:\/\/www.wolfmaahn.de\/blog\/wp-json\/wp\/v2\/tags?post=2570"}],"curies":[{"name":"wp","href":"https:\/\/api.w.org\/{rel}","templated":true}]}}