{"id":3113,"date":"2016-01-15T19:32:41","date_gmt":"2016-01-15T17:32:41","guid":{"rendered":"http:\/\/www.wolfmaahn.de\/blog\/?p=3113"},"modified":"2016-01-15T19:43:42","modified_gmt":"2016-01-15T17:43:42","slug":"mal-mitsingen","status":"publish","type":"post","link":"https:\/\/www.wolfmaahn.de\/blog\/2016\/01\/15\/mal-mitsingen\/","title":{"rendered":"Mal mitsingen?"},"content":{"rendered":"<p>Geht eventuell auch an anderen Wochentagen:<\/p>\n<p><iframe loading=\"lazy\" title=\"Wolf Maahn - Montagssong  (Lyric Video)\" width=\"500\" height=\"281\" src=\"https:\/\/www.youtube.com\/embed\/lZBBsg6ph_I?feature=oembed\" frameborder=\"0\" allow=\"accelerometer; autoplay; clipboard-write; encrypted-media; gyroscope; picture-in-picture; web-share\" referrerpolicy=\"strict-origin-when-cross-origin\" allowfullscreen><\/iframe><\/p>\n<p><strong>Montagssong<\/strong><\/p>\n<p>Montag, 8 Uhr fr\u00fch<br \/>\nGut m\u00f6glich, da\u00df die Liebe siegt<br \/>\nIst nicht der Tag f\u00fcr Frust und Leid<br \/>\nDie Kinnlade am B\u00fcrgersteig<br \/>\nLehn mich an Ampeln an oder<br \/>\nBalancier auf Mauern lang<br \/>\nEs ist Montag<br \/>\nUnd einen Montag, so sch\u00f6n<br \/>\nHat man lang lang lang lang nicht gesehn<\/p>\n<p>Und es geht doch mit Frau und Mann!<br \/>\nWir setzen alles neu zusammen<br \/>\nHab mein Leben neu im Griff und schon<br \/>\nin der Kurve winkt das Gl\u00fcck<br \/>\nAn einem Montag.<br \/>\nSo einen Montag, so sch\u00f6n<br \/>\nHat man lang lang lang lang nicht gesehn!<\/p>\n<p>Seh die coolen Skater an der Ecke stehen<br \/>\nSie haben die Kraft die Welt zu drehn<br \/>\nHab mein Leben neu im Griff und schon<br \/>\nin der Kurve winkt das Gl\u00fcck<br \/>\nAn einem Montag. So einen Montag, so sch\u00f6n<br \/>\nHat man lang lang lang lang nicht gesehn<\/p>\n<p>Schau mal in meine Welt , vielleicht<br \/>\nh\u00f6rst du dich sagen zu dir selbst<br \/>\nWas ein Montag!<br \/>\nUnd einen Montag, so sch\u00f6n<br \/>\nHat man lang lang lang lang nicht gesehn<\/p>\n<p><em>Musik &amp; Text: Wolf Maahn<\/em><br \/>\n<em>\u00a9 2015 Transmission Songs<br \/>\n<\/em><\/p>\n","protected":false},"excerpt":{"rendered":"<p>Geht eventuell auch an anderen Wochentagen: Montagssong Montag, 8 Uhr fr\u00fch Gut m\u00f6glich, da\u00df die Liebe siegt Ist nicht der Tag f\u00fcr Frust und Leid Die Kinnlade am B\u00fcrgersteig Lehn mich an Ampeln an oder Balancier auf Mauern lang Es ist Montag Und einen Montag, so sch\u00f6n Hat man lang lang lang lang nicht gesehn [&hellip;]<\/p>\n","protected":false},"author":5,"featured_media":0,"comment_status":"open","ping_status":"open","sticky":false,"template":"","format":"standard","meta":{"footnotes":""},"categories":[9],"tags":[],"class_list":["post-3113","post","type-post","status-publish","format-standard","hentry","category-news"],"_links":{"self":[{"href":"https:\/\/www.wolfmaahn.de\/blog\/wp-json\/wp\/v2\/posts\/3113","targetHints":{"allow":["GET"]}}],"collection":[{"href":"https:\/\/www.wolfmaahn.de\/blog\/wp-json\/wp\/v2\/posts"}],"about":[{"href":"https:\/\/www.wolfmaahn.de\/blog\/wp-json\/wp\/v2\/types\/post"}],"author":[{"embeddable":true,"href":"https:\/\/www.wolfmaahn.de\/blog\/wp-json\/wp\/v2\/users\/5"}],"replies":[{"embeddable":true,"href":"https:\/\/www.wolfmaahn.de\/blog\/wp-json\/wp\/v2\/comments?post=3113"}],"version-history":[{"count":7,"href":"https:\/\/www.wolfmaahn.de\/blog\/wp-json\/wp\/v2\/posts\/3113\/revisions"}],"predecessor-version":[{"id":3120,"href":"https:\/\/www.wolfmaahn.de\/blog\/wp-json\/wp\/v2\/posts\/3113\/revisions\/3120"}],"wp:attachment":[{"href":"https:\/\/www.wolfmaahn.de\/blog\/wp-json\/wp\/v2\/media?parent=3113"}],"wp:term":[{"taxonomy":"category","embeddable":true,"href":"https:\/\/www.wolfmaahn.de\/blog\/wp-json\/wp\/v2\/categories?post=3113"},{"taxonomy":"post_tag","embeddable":true,"href":"https:\/\/www.wolfmaahn.de\/blog\/wp-json\/wp\/v2\/tags?post=3113"}],"curies":[{"name":"wp","href":"https:\/\/api.w.org\/{rel}","templated":true}]}}