{"id":3128,"date":"2016-05-30T18:06:11","date_gmt":"2016-05-30T16:06:11","guid":{"rendered":"http:\/\/www.wolfmaahn.de\/blog\/?p=3128"},"modified":"2016-05-30T18:11:48","modified_gmt":"2016-05-30T16:11:48","slug":"solo-tour-fuer-herbst-bestaetigt","status":"publish","type":"post","link":"https:\/\/www.wolfmaahn.de\/blog\/2016\/05\/30\/solo-tour-fuer-herbst-bestaetigt\/","title":{"rendered":"Solo Tour f\u00fcr Herbst best\u00e4tigt"},"content":{"rendered":"<pre style=\"text-align: justify;\"><\/pre>\n<p style=\"text-align: justify;\">\n<p> Jaaa ! Nach einigen feinen Events im Sommer mit Band (n\u00e4heres dazu bald hier&#8230;) wird Wolf im Herbst auch wieder Solo zu h\u00f6ren sein ! Unter dem Motto &#8222;UNTER EINEM GROSSEN HIMMEL &#8211; SOLO LIVE&#8220; sind bundesweit 15 Konzerte best\u00e4tigt bevor im Dezember, dann wieder in voller Besetzung, die Weihnachtsshows 2016 auf dem Programm stehen.\u00a0Checkt die Termine auf unserer Tourseite:<\/p>\n<p><a href=\"http:\/\/www.wolfmaahn.de\/tour.php\">http:\/\/www.wolfmaahn.de\/tour.php<\/a><\/p>\n<p>(Foto: Frank Metzemacher)<\/p>\n","protected":false},"excerpt":{"rendered":"<p>Jaaa ! Nach einigen feinen Events im Sommer mit Band (n\u00e4heres dazu bald hier&#8230;) wird Wolf im Herbst auch wieder Solo zu h\u00f6ren sein ! Unter dem Motto &#8222;UNTER EINEM GROSSEN HIMMEL &#8211; SOLO LIVE&#8220; sind bundesweit 15 Konzerte best\u00e4tigt bevor im Dezember, dann wieder in voller Besetzung, die Weihnachtsshows 2016 auf dem Programm stehen.\u00a0Checkt [&hellip;]<\/p>\n","protected":false},"author":5,"featured_media":0,"comment_status":"open","ping_status":"open","sticky":false,"template":"","format":"standard","meta":{"footnotes":""},"categories":[9],"tags":[],"class_list":["post-3128","post","type-post","status-publish","format-standard","hentry","category-news"],"_links":{"self":[{"href":"https:\/\/www.wolfmaahn.de\/blog\/wp-json\/wp\/v2\/posts\/3128","targetHints":{"allow":["GET"]}}],"collection":[{"href":"https:\/\/www.wolfmaahn.de\/blog\/wp-json\/wp\/v2\/posts"}],"about":[{"href":"https:\/\/www.wolfmaahn.de\/blog\/wp-json\/wp\/v2\/types\/post"}],"author":[{"embeddable":true,"href":"https:\/\/www.wolfmaahn.de\/blog\/wp-json\/wp\/v2\/users\/5"}],"replies":[{"embeddable":true,"href":"https:\/\/www.wolfmaahn.de\/blog\/wp-json\/wp\/v2\/comments?post=3128"}],"version-history":[{"count":16,"href":"https:\/\/www.wolfmaahn.de\/blog\/wp-json\/wp\/v2\/posts\/3128\/revisions"}],"predecessor-version":[{"id":3139,"href":"https:\/\/www.wolfmaahn.de\/blog\/wp-json\/wp\/v2\/posts\/3128\/revisions\/3139"}],"wp:attachment":[{"href":"https:\/\/www.wolfmaahn.de\/blog\/wp-json\/wp\/v2\/media?parent=3128"}],"wp:term":[{"taxonomy":"category","embeddable":true,"href":"https:\/\/www.wolfmaahn.de\/blog\/wp-json\/wp\/v2\/categories?post=3128"},{"taxonomy":"post_tag","embeddable":true,"href":"https:\/\/www.wolfmaahn.de\/blog\/wp-json\/wp\/v2\/tags?post=3128"}],"curies":[{"name":"wp","href":"https:\/\/api.w.org\/{rel}","templated":true}]}}